{"id":683,"date":"2016-05-10T21:15:56","date_gmt":"2016-05-10T18:15:56","guid":{"rendered":"http:\/\/web1.kamit.fi\/kajakdc2\/?p=683"},"modified":"2020-01-30T09:06:34","modified_gmt":"2020-01-30T07:06:34","slug":"ibm-koulutuspaiva-10-5-2016","status":"publish","type":"post","link":"https:\/\/kajakdc.fi\/?p=683","title":{"rendered":"IBM -koulutusp\u00e4iv\u00e4 10.5.2016"},"content":{"rendered":"<p>Saimme IBM:lt\u00e4 vieraaksemme Mika Heinon ja Juha Ekstr\u00f6min, jotka pitiv\u00e4t asiantuntijap\u00e4iv\u00e4n konesaliasioista.<\/p>\n<div id=\"attachment_680\" style=\"width: 437px\" class=\"wp-caption alignnone\"><img loading=\"lazy\" decoding=\"async\" aria-describedby=\"caption-attachment-680\" class=\" wp-image-680\" src=\"https:\/\/kajakdc.fi\/wp-content\/uploads\/2020\/01\/Juha-ja-Mika.jpg\" alt=\"Juha Ekstr\u00f6m ja Mika Heino\" width=\"427\" height=\"240\"><p id=\"caption-attachment-680\" class=\"wp-caption-text\">Juha Ekstr\u00f6m ja Mika Heino<\/p><\/div>\n<p>P\u00e4iv\u00e4n aikana saimme valtavasti tietoa tallennusratkaisuista sek\u00e4 pidimme Hands-on-Labin, jonka aikana rakensimme kaksi konesalia p\u00f6yd\u00e4lle. Kouluttajat toivat mukanaan komponentit, joilla pystytimme SAN-infran (kaksi fabricia), kaksi SVC -nodea, kahdennetun levyj\u00e4rjestelm\u00e4n sek\u00e4 liitimme kokonaisuuteen yhden hostin.<\/p>\n<div id=\"attachment_682\" style=\"width: 494px\" class=\"wp-caption alignnone\"><img loading=\"lazy\" decoding=\"async\" aria-describedby=\"caption-attachment-682\" class=\" wp-image-682\" src=\"https:\/\/kajakdc.fi\/wp-content\/uploads\/2020\/01\/Kytkent\u00e4\u00e4.jpg\" alt=\"Kytkent\u00f6jen selvittely\u00e4\" width=\"484\" height=\"272\"><p id=\"caption-attachment-682\" class=\"wp-caption-text\">Kytkent\u00f6jen selvittely\u00e4<\/p><\/div>\n<p>Lis\u00e4ksi p\u00e4\u00e4simme allokoimaan SVC:ll\u00e4 virtualisoidusta levyj\u00e4rjestelm\u00e4st\u00e4 tierattua storagea palvelimelle. P\u00e4iv\u00e4n p\u00e4\u00e4tteksi testasimme, ett\u00e4 kahdennukset toimivat halutunlaisesti &#8211; t\u00e4m\u00e4 tehtiin pudottamalla pois yksitt\u00e4isi\u00e4 valokuituyhteyksi\u00e4 ja lopuksi kokonaisen SVC -noden.<\/p>\n<div id=\"attachment_681\" style=\"width: 671px\" class=\"wp-caption alignright\"><img loading=\"lazy\" decoding=\"async\" aria-describedby=\"caption-attachment-681\" class=\" wp-image-681\" src=\"https:\/\/kajakdc.fi\/wp-content\/uploads\/2020\/01\/Konesalit-p\u00f6yd\u00e4ll\u00e4.jpg\" alt=\"Lopputulos: kaksi konesalia\" width=\"661\" height=\"372\"><p id=\"caption-attachment-681\" class=\"wp-caption-text\">Lopputulos: kaksi konesalia<\/p><\/div>\n<p>P\u00e4iv\u00e4 oli hyvin onnistunut, josta suurkiitokset Mikalle ja Juhalle!<\/p>\n<p>Linkit artikkeleihin, joista voi kertailla p\u00e4iv\u00e4n aikana tehtyj\u00e4 asioita:<\/p>\n<p><a href=\"http:\/\/www.ibm.com\/support\/knowledgecenter\/ST3FR7_7.6.1\/com.ibm.storwize.v7000.761.doc\/tbrd_qicfgsys_b422qv1.html\" target=\"_blank\" rel=\"noopener noreferrer\">Storwize v7000 -levyj\u00e4rjestelm\u00e4n k\u00e4ytt\u00f6\u00f6notto<\/a><\/p>\n<p><a href=\"https:\/\/www.ibm.com\/support\/knowledgecenter\/STPVGU_7.3.0\/com.ibm.storage.svc.console.730.doc\/svc_creatingaclusterfrmnode_223f7j.html\" target=\"_blank\" rel=\"noopener noreferrer\">SVC:n asennus etupaneelista<\/a><\/p>\n<p><a href=\"http:\/\/www-01.ibm.com\/support\/docview.wss?uid=ssg1S1005419\" target=\"_blank\" rel=\"noopener noreferrer\">Multipath -driverin asennus Windowsiin<\/a><\/p>","protected":false},"excerpt":{"rendered":"<p>Saimme IBM:lt\u00e4 vieraaksemme Mika Heinon ja Juha Ekstr\u00f6min, jotka pitiv\u00e4t asiantuntijap\u00e4iv\u00e4n konesaliasioista. P\u00e4iv\u00e4n aikana saimme valtavasti tietoa tallennusratkaisuista sek\u00e4 pidimme Hands-on-Labin, jonka aikana rakensimme kaksi konesalia p\u00f6yd\u00e4lle. Kouluttajat toivat mukanaan komponentit, joilla pystytimme SAN-infran (kaksi fabricia), kaksi SVC -nodea, kahdennetun levyj\u00e4rjestelm\u00e4n sek\u00e4 liitimme kokonaisuuteen yhden hostin. Lis\u00e4ksi p\u00e4\u00e4simme allokoimaan SVC:ll\u00e4\u2026 <a class=\"continue-reading-link\" href=\"https:\/\/kajakdc.fi\/?p=683\">Jatka lukemista<\/a><\/p>\n","protected":false},"author":3,"featured_media":0,"comment_status":"open","ping_status":"open","sticky":false,"template":"","format":"standard","meta":{"footnotes":""},"categories":[4],"tags":[28,36],"class_list":["post-683","post","type-post","status-publish","format-standard","hentry","category-blog","tag-ibm","tag-koulutus"],"_links":{"self":[{"href":"https:\/\/kajakdc.fi\/index.php?rest_route=\/wp\/v2\/posts\/683","targetHints":{"allow":["GET"]}}],"collection":[{"href":"https:\/\/kajakdc.fi\/index.php?rest_route=\/wp\/v2\/posts"}],"about":[{"href":"https:\/\/kajakdc.fi\/index.php?rest_route=\/wp\/v2\/types\/post"}],"author":[{"embeddable":true,"href":"https:\/\/kajakdc.fi\/index.php?rest_route=\/wp\/v2\/users\/3"}],"replies":[{"embeddable":true,"href":"https:\/\/kajakdc.fi\/index.php?rest_route=%2Fwp%2Fv2%2Fcomments&post=683"}],"version-history":[{"count":1,"href":"https:\/\/kajakdc.fi\/index.php?rest_route=\/wp\/v2\/posts\/683\/revisions"}],"predecessor-version":[{"id":1870,"href":"https:\/\/kajakdc.fi\/index.php?rest_route=\/wp\/v2\/posts\/683\/revisions\/1870"}],"wp:attachment":[{"href":"https:\/\/kajakdc.fi\/index.php?rest_route=%2Fwp%2Fv2%2Fmedia&parent=683"}],"wp:term":[{"taxonomy":"category","embeddable":true,"href":"https:\/\/kajakdc.fi\/index.php?rest_route=%2Fwp%2Fv2%2Fcategories&post=683"},{"taxonomy":"post_tag","embeddable":true,"href":"https:\/\/kajakdc.fi\/index.php?rest_route=%2Fwp%2Fv2%2Ftags&post=683"}],"curies":[{"name":"wp","href":"https:\/\/api.w.org\/{rel}","templated":true}]}}